{"id":1474,"date":"2020-03-30T13:09:45","date_gmt":"2020-03-30T10:09:45","guid":{"rendered":"https:\/\/mbakery-multi.tuhti.work\/leipomo\/?p=1474"},"modified":"2020-03-30T13:09:45","modified_gmt":"2020-03-30T10:09:45","slug":"mbakeryn-leipomomyymala-raikastuu-remontilla-tana-kevaana","status":"publish","type":"post","link":"https:\/\/www.mbakery.fi\/leipomo\/yleinen\/mbakeryn-leipomomyymala-raikastuu-remontilla-tana-kevaana\/","title":{"rendered":"MBakeryn leipomomyym\u00e4l\u00e4 raikastuu remontilla t\u00e4n\u00e4 kev\u00e4\u00e4n\u00e4"},"content":{"rendered":"<p>Tunnetko jo MBakeryn leipomomyym\u00e4l\u00e4n Turun Salvumiehenkadulla? Myym\u00e4l\u00e4 on ollut mukana MBakeryn taipaleella alusta asti, ja yritt\u00e4j\u00e4 <strong>Mikko Hietala<\/strong> on halunnut freesata paikan ilmett\u00e4 jo pitk\u00e4\u00e4n.<\/p>\n<p>Projekti on p\u00e4\u00e4tetty toteuttaa t\u00e4n\u00e4 kev\u00e4\u00e4n\u00e4, ja myym\u00e4l\u00e4n ilmeest\u00e4 halutaan skandinaavisen vaalea ja hiukan rouheakin. Remontti etenee vaiheittain ja steppi kerrallaan, ja sen etenemist\u00e4 voi seurata esimerkiksi MBakeryn Instagram-tililt\u00e4 ja Facebookista \u2013 sek\u00e4 tietysti piipahtamalla paikan p\u00e4\u00e4ll\u00e4!<\/p>\n<p>Asiakkaat ovat jo saaneet \u00e4\u00e4nest\u00e4\u00e4 siit\u00e4, toivotaanko leipomomyym\u00e4l\u00e4\u00e4n jatkossa pakattua vai pakkaamatonta leip\u00e4\u00e4 (\u00e4\u00e4net jakaantuivat melko tarkkaan 50-50) onko Mikon valitsema sein\u00e4laatta hyv\u00e4 (on) ja milt\u00e4 Mikon tekem\u00e4 remonttiluonnos n\u00e4ytt\u00e4\u00e4 (se her\u00e4tti yleist\u00e4 hilpeytt\u00e4).<\/p>\n<p>Videot aiheesta l\u00f6ytyv\u00e4t Mbakeryn Instagram-tililt\u00e4 kohokohdasta nimelt\u00e4 <em>Remonttia pukkaa<\/em>.<\/p>\n<p>Lis\u00e4\u00e4 videoita on tulossa, joten ota seurantaan MBakeryn somekanavat <a href=\"https:\/\/www.facebook.com\/mleipomo\/\">Facebookissa<\/a> ja Instagramissa!<\/p>\n","protected":false},"excerpt":{"rendered":"<p>Tunnetko jo MBakeryn leipomomyym\u00e4l\u00e4n Turun Salvumiehenkadulla? Myym\u00e4l\u00e4 on ollut mukana MBakeryn taipaleella alusta asti, ja yritt\u00e4j\u00e4&#8230;<\/p>\n","protected":false},"author":4,"featured_media":1475,"comment_status":"closed","ping_status":"closed","sticky":false,"template":"","format":"standard","meta":{"_acf_changed":false,"footnotes":""},"categories":[1],"tags":[],"acf":[],"yoast_head":"<!-- This site is optimized with the Yoast SEO plugin v24.5 - https:\/\/yoast.com\/wordpress\/plugins\/seo\/ -->\n<title>MBakeryn leipomomyym\u00e4l\u00e4 raikastuu remontilla t\u00e4n\u00e4 kev\u00e4\u00e4n\u00e4 - MBakery - Leipomo<\/title>\n<meta name=\"robots\" content=\"index, follow, max-snippet:-1, max-image-preview:large, max-video-preview:-1\" \/>\n<link rel=\"canonical\" href=\"https:\/\/www.mbakery.fi\/leipomo\/yleinen\/mbakeryn-leipomomyymala-raikastuu-remontilla-tana-kevaana\/\" \/>\n<meta property=\"og:locale\" content=\"fi_FI\" \/>\n<meta property=\"og:type\" content=\"article\" \/>\n<meta property=\"og:title\" content=\"MBakeryn leipomomyym\u00e4l\u00e4 raikastuu remontilla t\u00e4n\u00e4 kev\u00e4\u00e4n\u00e4 - MBakery - Leipomo\" \/>\n<meta property=\"og:description\" content=\"Tunnetko jo MBakeryn leipomomyym\u00e4l\u00e4n Turun Salvumiehenkadulla? Myym\u00e4l\u00e4 on ollut mukana MBakeryn taipaleella alusta asti, ja yritt\u00e4j\u00e4...\" \/>\n<meta property=\"og:url\" content=\"https:\/\/www.mbakery.fi\/leipomo\/yleinen\/mbakeryn-leipomomyymala-raikastuu-remontilla-tana-kevaana\/\" \/>\n<meta property=\"og:site_name\" content=\"MBakery - Leipomo\" \/>\n<meta property=\"article:published_time\" content=\"2020-03-30T10:09:45+00:00\" \/>\n<meta property=\"og:image\" content=\"https:\/\/www.mbakery.fi\/leipomo\/wp-content\/uploads\/2020\/03\/Mikko.jpg\" \/>\n\t<meta property=\"og:image:width\" content=\"1512\" \/>\n\t<meta property=\"og:image:height\" content=\"2016\" \/>\n\t<meta property=\"og:image:type\" content=\"image\/jpeg\" \/>\n<meta name=\"author\" content=\"heli\" \/>\n<meta name=\"twitter:card\" content=\"summary_large_image\" \/>\n<meta name=\"twitter:label1\" content=\"Kirjoittanut\" \/>\n\t<meta name=\"twitter:data1\" content=\"heli\" \/>\n\t<meta name=\"twitter:label2\" content=\"Arvioitu lukuaika\" \/>\n\t<meta name=\"twitter:data2\" content=\"1 minuutti\" \/>\n<script type=\"application\/ld+json\" class=\"yoast-schema-graph\">{\"@context\":\"https:\/\/schema.org\",\"@graph\":[{\"@type\":\"WebPage\",\"@id\":\"https:\/\/www.mbakery.fi\/leipomo\/yleinen\/mbakeryn-leipomomyymala-raikastuu-remontilla-tana-kevaana\/\",\"url\":\"https:\/\/www.mbakery.fi\/leipomo\/yleinen\/mbakeryn-leipomomyymala-raikastuu-remontilla-tana-kevaana\/\",\"name\":\"MBakeryn leipomomyym\u00e4l\u00e4 raikastuu remontilla t\u00e4n\u00e4 kev\u00e4\u00e4n\u00e4 - MBakery - Leipomo\",\"isPartOf\":{\"@id\":\"https:\/\/www.mbakery.fi\/leipomo\/#website\"},\"primaryImageOfPage\":{\"@id\":\"https:\/\/www.mbakery.fi\/leipomo\/yleinen\/mbakeryn-leipomomyymala-raikastuu-remontilla-tana-kevaana\/#primaryimage\"},\"image\":{\"@id\":\"https:\/\/www.mbakery.fi\/leipomo\/yleinen\/mbakeryn-leipomomyymala-raikastuu-remontilla-tana-kevaana\/#primaryimage\"},\"thumbnailUrl\":\"https:\/\/www.mbakery.fi\/leipomo\/wp-content\/uploads\/2020\/03\/Mikko.jpg\",\"datePublished\":\"2020-03-30T10:09:45+00:00\",\"author\":{\"@id\":\"https:\/\/www.mbakery.fi\/leipomo\/#\/schema\/person\/16e2b45fd6862af0bf4a022dda8e79b4\"},\"breadcrumb\":{\"@id\":\"https:\/\/www.mbakery.fi\/leipomo\/yleinen\/mbakeryn-leipomomyymala-raikastuu-remontilla-tana-kevaana\/#breadcrumb\"},\"inLanguage\":\"fi\",\"potentialAction\":[{\"@type\":\"ReadAction\",\"target\":[\"https:\/\/www.mbakery.fi\/leipomo\/yleinen\/mbakeryn-leipomomyymala-raikastuu-remontilla-tana-kevaana\/\"]}]},{\"@type\":\"ImageObject\",\"inLanguage\":\"fi\",\"@id\":\"https:\/\/www.mbakery.fi\/leipomo\/yleinen\/mbakeryn-leipomomyymala-raikastuu-remontilla-tana-kevaana\/#primaryimage\",\"url\":\"https:\/\/www.mbakery.fi\/leipomo\/wp-content\/uploads\/2020\/03\/Mikko.jpg\",\"contentUrl\":\"https:\/\/www.mbakery.fi\/leipomo\/wp-content\/uploads\/2020\/03\/Mikko.jpg\",\"width\":1512,\"height\":2016},{\"@type\":\"BreadcrumbList\",\"@id\":\"https:\/\/www.mbakery.fi\/leipomo\/yleinen\/mbakeryn-leipomomyymala-raikastuu-remontilla-tana-kevaana\/#breadcrumb\",\"itemListElement\":[{\"@type\":\"ListItem\",\"position\":1,\"name\":\"Home\",\"item\":\"https:\/\/www.mbakery.fi\/leipomo\/\"},{\"@type\":\"ListItem\",\"position\":2,\"name\":\"MBakeryn leipomomyym\u00e4l\u00e4 raikastuu remontilla t\u00e4n\u00e4 kev\u00e4\u00e4n\u00e4\"}]},{\"@type\":\"WebSite\",\"@id\":\"https:\/\/www.mbakery.fi\/leipomo\/#website\",\"url\":\"https:\/\/www.mbakery.fi\/leipomo\/\",\"name\":\"MBakery - Leipomo\",\"description\":\"\",\"potentialAction\":[{\"@type\":\"SearchAction\",\"target\":{\"@type\":\"EntryPoint\",\"urlTemplate\":\"https:\/\/www.mbakery.fi\/leipomo\/?s={search_term_string}\"},\"query-input\":{\"@type\":\"PropertyValueSpecification\",\"valueRequired\":true,\"valueName\":\"search_term_string\"}}],\"inLanguage\":\"fi\"},{\"@type\":\"Person\",\"@id\":\"https:\/\/www.mbakery.fi\/leipomo\/#\/schema\/person\/16e2b45fd6862af0bf4a022dda8e79b4\",\"name\":\"heli\"}]}<\/script>\n<!-- \/ Yoast SEO plugin. -->","yoast_head_json":{"title":"MBakeryn leipomomyym\u00e4l\u00e4 raikastuu remontilla t\u00e4n\u00e4 kev\u00e4\u00e4n\u00e4 - MBakery - Leipomo","robots":{"index":"index","follow":"follow","max-snippet":"max-snippet:-1","max-image-preview":"max-image-preview:large","max-video-preview":"max-video-preview:-1"},"canonical":"https:\/\/www.mbakery.fi\/leipomo\/yleinen\/mbakeryn-leipomomyymala-raikastuu-remontilla-tana-kevaana\/","og_locale":"fi_FI","og_type":"article","og_title":"MBakeryn leipomomyym\u00e4l\u00e4 raikastuu remontilla t\u00e4n\u00e4 kev\u00e4\u00e4n\u00e4 - MBakery - Leipomo","og_description":"Tunnetko jo MBakeryn leipomomyym\u00e4l\u00e4n Turun Salvumiehenkadulla? Myym\u00e4l\u00e4 on ollut mukana MBakeryn taipaleella alusta asti, ja yritt\u00e4j\u00e4...","og_url":"https:\/\/www.mbakery.fi\/leipomo\/yleinen\/mbakeryn-leipomomyymala-raikastuu-remontilla-tana-kevaana\/","og_site_name":"MBakery - Leipomo","article_published_time":"2020-03-30T10:09:45+00:00","og_image":[{"width":1512,"height":2016,"url":"https:\/\/www.mbakery.fi\/leipomo\/wp-content\/uploads\/2020\/03\/Mikko.jpg","type":"image\/jpeg"}],"author":"heli","twitter_card":"summary_large_image","twitter_misc":{"Kirjoittanut":"heli","Arvioitu lukuaika":"1 minuutti"},"schema":{"@context":"https:\/\/schema.org","@graph":[{"@type":"WebPage","@id":"https:\/\/www.mbakery.fi\/leipomo\/yleinen\/mbakeryn-leipomomyymala-raikastuu-remontilla-tana-kevaana\/","url":"https:\/\/www.mbakery.fi\/leipomo\/yleinen\/mbakeryn-leipomomyymala-raikastuu-remontilla-tana-kevaana\/","name":"MBakeryn leipomomyym\u00e4l\u00e4 raikastuu remontilla t\u00e4n\u00e4 kev\u00e4\u00e4n\u00e4 - MBakery - Leipomo","isPartOf":{"@id":"https:\/\/www.mbakery.fi\/leipomo\/#website"},"primaryImageOfPage":{"@id":"https:\/\/www.mbakery.fi\/leipomo\/yleinen\/mbakeryn-leipomomyymala-raikastuu-remontilla-tana-kevaana\/#primaryimage"},"image":{"@id":"https:\/\/www.mbakery.fi\/leipomo\/yleinen\/mbakeryn-leipomomyymala-raikastuu-remontilla-tana-kevaana\/#primaryimage"},"thumbnailUrl":"https:\/\/www.mbakery.fi\/leipomo\/wp-content\/uploads\/2020\/03\/Mikko.jpg","datePublished":"2020-03-30T10:09:45+00:00","author":{"@id":"https:\/\/www.mbakery.fi\/leipomo\/#\/schema\/person\/16e2b45fd6862af0bf4a022dda8e79b4"},"breadcrumb":{"@id":"https:\/\/www.mbakery.fi\/leipomo\/yleinen\/mbakeryn-leipomomyymala-raikastuu-remontilla-tana-kevaana\/#breadcrumb"},"inLanguage":"fi","potentialAction":[{"@type":"ReadAction","target":["https:\/\/www.mbakery.fi\/leipomo\/yleinen\/mbakeryn-leipomomyymala-raikastuu-remontilla-tana-kevaana\/"]}]},{"@type":"ImageObject","inLanguage":"fi","@id":"https:\/\/www.mbakery.fi\/leipomo\/yleinen\/mbakeryn-leipomomyymala-raikastuu-remontilla-tana-kevaana\/#primaryimage","url":"https:\/\/www.mbakery.fi\/leipomo\/wp-content\/uploads\/2020\/03\/Mikko.jpg","contentUrl":"https:\/\/www.mbakery.fi\/leipomo\/wp-content\/uploads\/2020\/03\/Mikko.jpg","width":1512,"height":2016},{"@type":"BreadcrumbList","@id":"https:\/\/www.mbakery.fi\/leipomo\/yleinen\/mbakeryn-leipomomyymala-raikastuu-remontilla-tana-kevaana\/#breadcrumb","itemListElement":[{"@type":"ListItem","position":1,"name":"Home","item":"https:\/\/www.mbakery.fi\/leipomo\/"},{"@type":"ListItem","position":2,"name":"MBakeryn leipomomyym\u00e4l\u00e4 raikastuu remontilla t\u00e4n\u00e4 kev\u00e4\u00e4n\u00e4"}]},{"@type":"WebSite","@id":"https:\/\/www.mbakery.fi\/leipomo\/#website","url":"https:\/\/www.mbakery.fi\/leipomo\/","name":"MBakery - Leipomo","description":"","potentialAction":[{"@type":"SearchAction","target":{"@type":"EntryPoint","urlTemplate":"https:\/\/www.mbakery.fi\/leipomo\/?s={search_term_string}"},"query-input":{"@type":"PropertyValueSpecification","valueRequired":true,"valueName":"search_term_string"}}],"inLanguage":"fi"},{"@type":"Person","@id":"https:\/\/www.mbakery.fi\/leipomo\/#\/schema\/person\/16e2b45fd6862af0bf4a022dda8e79b4","name":"heli"}]}},"_links":{"self":[{"href":"https:\/\/www.mbakery.fi\/leipomo\/wp-json\/wp\/v2\/posts\/1474"}],"collection":[{"href":"https:\/\/www.mbakery.fi\/leipomo\/wp-json\/wp\/v2\/posts"}],"about":[{"href":"https:\/\/www.mbakery.fi\/leipomo\/wp-json\/wp\/v2\/types\/post"}],"author":[{"embeddable":true,"href":"https:\/\/www.mbakery.fi\/leipomo\/wp-json\/wp\/v2\/users\/4"}],"replies":[{"embeddable":true,"href":"https:\/\/www.mbakery.fi\/leipomo\/wp-json\/wp\/v2\/comments?post=1474"}],"version-history":[{"count":1,"href":"https:\/\/www.mbakery.fi\/leipomo\/wp-json\/wp\/v2\/posts\/1474\/revisions"}],"predecessor-version":[{"id":1476,"href":"https:\/\/www.mbakery.fi\/leipomo\/wp-json\/wp\/v2\/posts\/1474\/revisions\/1476"}],"wp:featuredmedia":[{"embeddable":true,"href":"https:\/\/www.mbakery.fi\/leipomo\/wp-json\/wp\/v2\/media\/1475"}],"wp:attachment":[{"href":"https:\/\/www.mbakery.fi\/leipomo\/wp-json\/wp\/v2\/media?parent=1474"}],"wp:term":[{"taxonomy":"category","embeddable":true,"href":"https:\/\/www.mbakery.fi\/leipomo\/wp-json\/wp\/v2\/categories?post=1474"},{"taxonomy":"post_tag","embeddable":true,"href":"https:\/\/www.mbakery.fi\/leipomo\/wp-json\/wp\/v2\/tags?post=1474"}],"curies":[{"name":"wp","href":"https:\/\/api.w.org\/{rel}","templated":true}]}}